{"id":1056,"date":"2023-03-25T21:13:51","date_gmt":"2023-03-25T20:13:51","guid":{"rendered":"https:\/\/www.ofv-aich.de\/?p=1056"},"modified":"2023-05-12T13:28:06","modified_gmt":"2023-05-12T12:28:06","slug":"ofv-stockschuetzen-starten-in-die-sommer-saison-2","status":"publish","type":"post","link":"https:\/\/www.ofv-aich.de\/?p=1056","title":{"rendered":"OFV Stocksch\u00fctzen starten in die Sommer-Saison"},"content":{"rendered":"\n<p><strong>Saison-Er\u00f6ffnungsturnier mit Fr\u00fchjahrsversammlun<\/strong>g<\/p>\n\n\n\n<p><strong>Aich.\u00a0<\/strong>Mit sieben Mannschaften starteten die OFV-Stocksch\u00fctzen beim internen Turnier zum j\u00e4hrlichen Saisonstart in die neue Sommer-Saison. Um eine gewisse Ausgeglichenheit unter den Teams zu gew\u00e4hren, wurden den sieben besten Sch\u00fctzen der Einzelmeisterschaft jeweils drei weitere Spieler zugelost, welche dann die Turniermannschaft bildeten. Und das die Los Fee gut gearbeitet hat zeigten dann die Ergebnisse als gleich vier Moarschaften punktgleich mit 8 : 4 auf den ersten R\u00e4ngen landeten. Mit der besten Stockpunktzahl landeten die Sch\u00fctzen um Norbert Eder, Alex Ferwagner, Rudolf Hackel und Josef Westenthanner auf Rang eins, gefolgt mit einem Punkt weniger Jakob Berg mit Hans Gruber, Robert Thalhammer und Cony Weinberger. Wieder mit nur einem Punkt weniger erreichte Georg Wittmann mit Wolfgang Hanke, Kurt Harant und Max Hicker Rang drei. Aufgrund der schw\u00e4chsten Stockpunktzahl blieb Siegfried Fuchshuber mit Werner Eitelb\u00f6\u00df, Franz Hummelsberger und Hermann Wittmann nur noch der vierte Rang. Den Mannschaften von Josef Thalhammer, Walter Obermeier und Anton Eiser blieben die R\u00e4nge f\u00fcnf bis sieben vorbehalten.<\/p>\n\n\n\n<p>Im Anschluss des Turniers bei einer gemeinsamen Brotzeit und zur Fr\u00fchjahrs-versammlung im OFV-Vereinsheim, konnte Spartenleiter Hermann Wittmann auch den OFV-Vorstand Andreas Zelger begr\u00fc\u00dfen. Die Sparte verf\u00fcgt derzeitig \u00fcber 88 Mitglieder, davon 33 Passinhaber, sowie vier Schiedsrichter welche im Eissch\u00fctzen-kreis 106 aktiv sind, so Wittmann. In seinem R\u00fcckblick verwies er dabei auf die zahlreichen Pflichtturniere wie Eis-Kreis-Einzelmeisterschaft, den Kreisligaauftritt der Mannschaft OFV II und den Klassenerhalt vom Team OFV I in der Bezirksliga West, welcher in den Eishallen in Deggendorf bzw. Regen gesichert werden konnte. F\u00fcr die diesj\u00e4hrige Saison stehen wieder zahlreiche Einladungsturniere an und bei den vereinsinternen Turnieren bat der Spartenleiter abschlie\u00dfend um eine rege Teilnahme.<\/p>\n\n\n\n<figure class=\"wp-block-image size-large\"><img decoding=\"async\" loading=\"lazy\" width=\"1024\" height=\"576\" src=\"https:\/\/www.ofv-aich.de\/wp-content\/uploads\/2023\/03\/2023-Saison-Eroeffnung-1-1024x576.jpg\" alt=\"\" class=\"wp-image-1057\" srcset=\"https:\/\/www.ofv-aich.de\/wp-content\/uploads\/2023\/03\/2023-Saison-Eroeffnung-1-1024x576.jpg 1024w, https:\/\/www.ofv-aich.de\/wp-content\/uploads\/2023\/03\/2023-Saison-Eroeffnung-1-300x169.jpg 300w, https:\/\/www.ofv-aich.de\/wp-content\/uploads\/2023\/03\/2023-Saison-Eroeffnung-1-768x432.jpg 768w, https:\/\/www.ofv-aich.de\/wp-content\/uploads\/2023\/03\/2023-Saison-Eroeffnung-1-1536x864.jpg 1536w, https:\/\/www.ofv-aich.de\/wp-content\/uploads\/2023\/03\/2023-Saison-Eroeffnung-1-2048x1152.jpg 2048w\" sizes=\"(max-width: 1024px) 100vw, 1024px\" \/><figcaption class=\"wp-element-caption\">Die siegreichen drei Moarschaften mit Spartenleiter Hermann Wittmann (re.)<\/figcaption><\/figure>\n","protected":false},"excerpt":{"rendered":"<p>Saison-Er\u00f6ffnungsturnier mit Fr\u00fchjahrsversammlung Aich.\u00a0Mit sieben Mannschaften starteten die OFV-Stocksch\u00fctzen beim internen Turnier zum j\u00e4hrlichen Saisonstart in die neue Sommer-Saison. Um eine gewisse Ausgeglichenheit unter den Teams zu gew\u00e4hren, wurden den sieben besten Sch\u00fctzen der Einzelmeisterschaft jeweils drei weitere Spieler zugelost, welche dann die Turniermannschaft bildeten. Und das die Los Fee gut gearbeitet hat zeigten dann &hellip; <a href=\"https:\/\/www.ofv-aich.de\/?p=1056\" class=\"more-link\"><span class=\"screen-reader-text\">OFV Stocksch\u00fctzen starten in die Sommer-Saison<\/span> weiterlesen<\/a><\/p>\n","protected":false},"author":3,"featured_media":0,"comment_status":"closed","ping_status":"closed","sticky":false,"template":"","format":"standard","meta":{"footnotes":""},"categories":[3],"tags":[70,27,39],"_links":{"self":[{"href":"https:\/\/www.ofv-aich.de\/index.php?rest_route=\/wp\/v2\/posts\/1056"}],"collection":[{"href":"https:\/\/www.ofv-aich.de\/index.php?rest_route=\/wp\/v2\/posts"}],"about":[{"href":"https:\/\/www.ofv-aich.de\/index.php?rest_route=\/wp\/v2\/types\/post"}],"author":[{"embeddable":true,"href":"https:\/\/www.ofv-aich.de\/index.php?rest_route=\/wp\/v2\/users\/3"}],"replies":[{"embeddable":true,"href":"https:\/\/www.ofv-aich.de\/index.php?rest_route=%2Fwp%2Fv2%2Fcomments&post=1056"}],"version-history":[{"count":2,"href":"https:\/\/www.ofv-aich.de\/index.php?rest_route=\/wp\/v2\/posts\/1056\/revisions"}],"predecessor-version":[{"id":1083,"href":"https:\/\/www.ofv-aich.de\/index.php?rest_route=\/wp\/v2\/posts\/1056\/revisions\/1083"}],"wp:attachment":[{"href":"https:\/\/www.ofv-aich.de\/index.php?rest_route=%2Fwp%2Fv2%2Fmedia&parent=1056"}],"wp:term":[{"taxonomy":"category","embeddable":true,"href":"https:\/\/www.ofv-aich.de\/index.php?rest_route=%2Fwp%2Fv2%2Fcategories&post=1056"},{"taxonomy":"post_tag","embeddable":true,"href":"https:\/\/www.ofv-aich.de\/index.php?rest_route=%2Fwp%2Fv2%2Ftags&post=1056"}],"curies":[{"name":"wp","href":"https:\/\/api.w.org\/{rel}","templated":true}]}}